{"id":84,"date":"2011-06-21T22:49:42","date_gmt":"2011-06-21T20:49:42","guid":{"rendered":"http:\/\/www.theobouzige.fr\/sfv\/?p=84"},"modified":"2016-04-25T21:48:58","modified_gmt":"2016-04-25T19:48:58","slug":"le-302-de-daniel","status":"publish","type":"post","link":"https:\/\/www.theobouzige.fr\/sfv\/2011\/06\/21\/le-302-de-daniel\/","title":{"rendered":"Le 302 de Daniel !"},"content":{"rendered":"<p style=\"text-align: center;\"><a href=\"http:\/\/www.theobouzige.fr\/wp-content\/uploads\/2010\/07\/DSCF6576.jpg\"><img loading=\"lazy\" decoding=\"async\" class=\"aligncenter size-large wp-image-961\" title=\"Moi et Daniel sur son 302\" src=\"http:\/\/www.theobouzige.fr\/wp-content\/uploads\/2010\/07\/DSCF6576-1024x768.jpg\" alt=\"\" width=\"860\" height=\"646\" \/><\/a><a href=\"http:\/\/www.theobouzige.fr\/wp-content\/uploads\/2010\/07\/DSCF6575.jpg\"><img loading=\"lazy\" decoding=\"async\" class=\"aligncenter size-large wp-image-960\" title=\"Moi et Daniel sur son 302\" src=\"http:\/\/www.theobouzige.fr\/wp-content\/uploads\/2010\/07\/DSCF6575-1024x768.jpg\" alt=\"\" width=\"860\" height=\"646\" \/><\/a><\/p>\n<p style=\"text-align: center;\"><a href=\"http:\/\/www.theobouzige.fr\/wp-content\/uploads\/2010\/07\/DSCF6577.jpg\"><img loading=\"lazy\" decoding=\"async\" class=\"aligncenter size-large wp-image-962\" title=\"Moi et Daniel sur son 302\" src=\"http:\/\/www.theobouzige.fr\/wp-content\/uploads\/2010\/07\/DSCF6577-1024x768.jpg\" alt=\"\" width=\"860\" height=\"646\" \/><\/a><\/p>\n<p style=\"text-align: justify;\"><span style=\"font-family: 'Lucida Sans';\">Moi et Daniel sur son Soci\u00e9t\u00e9 Fran\u00e7aise Vierzon 302 \u00e0 VIERZON (Cher) le 26 Juin 2010 lors de la grande manifestation <\/span><em><span style=\"font-family: 'Lucida Sans';\">\u00ab\u00a0Les Vierzon rentrent au bercail\u00a0\u00bb<\/span><\/em><span style=\"font-family: 'Lucida Sans';\">. F\u00e9licitons encore une fois Daniel Donin de Rosi\u00e8re pour le courage et son implication tr\u00e8s active au sein du T\u00e9l\u00e9thon.<\/span><\/p>\n","protected":false},"excerpt":{"rendered":"<p>Moi et Daniel sur son Soci\u00e9t\u00e9 Fran\u00e7aise Vierzon 302 \u00e0 VIERZON (Cher) le 26 Juin&#8230;<\/p>\n<div class=\"more-link-wrapper\"><a class=\"more-link\" href=\"https:\/\/www.theobouzige.fr\/sfv\/2011\/06\/21\/le-302-de-daniel\/\">Read the post<span class=\"screen-reader-text\">Le 302 de Daniel !<\/span><\/a><\/div>\n","protected":false},"author":1,"featured_media":143,"comment_status":"open","ping_status":"open","sticky":false,"template":"","format":"standard","meta":{"footnotes":""},"categories":[3],"tags":[16,30],"class_list":["post-84","post","type-post","status-publish","format-standard","has-post-thumbnail","hentry","category-sfv-302","tag-daniel-donin-de-rosiere","tag-sfv-302","excerpt","zoom","full-without-featured","even","excerpt-0"],"_links":{"self":[{"href":"https:\/\/www.theobouzige.fr\/sfv\/wp-json\/wp\/v2\/posts\/84"}],"collection":[{"href":"https:\/\/www.theobouzige.fr\/sfv\/wp-json\/wp\/v2\/posts"}],"about":[{"href":"https:\/\/www.theobouzige.fr\/sfv\/wp-json\/wp\/v2\/types\/post"}],"author":[{"embeddable":true,"href":"https:\/\/www.theobouzige.fr\/sfv\/wp-json\/wp\/v2\/users\/1"}],"replies":[{"embeddable":true,"href":"https:\/\/www.theobouzige.fr\/sfv\/wp-json\/wp\/v2\/comments?post=84"}],"version-history":[{"count":1,"href":"https:\/\/www.theobouzige.fr\/sfv\/wp-json\/wp\/v2\/posts\/84\/revisions"}],"predecessor-version":[{"id":144,"href":"https:\/\/www.theobouzige.fr\/sfv\/wp-json\/wp\/v2\/posts\/84\/revisions\/144"}],"wp:featuredmedia":[{"embeddable":true,"href":"https:\/\/www.theobouzige.fr\/sfv\/wp-json\/wp\/v2\/media\/143"}],"wp:attachment":[{"href":"https:\/\/www.theobouzige.fr\/sfv\/wp-json\/wp\/v2\/media?parent=84"}],"wp:term":[{"taxonomy":"category","embeddable":true,"href":"https:\/\/www.theobouzige.fr\/sfv\/wp-json\/wp\/v2\/categories?post=84"},{"taxonomy":"post_tag","embeddable":true,"href":"https:\/\/www.theobouzige.fr\/sfv\/wp-json\/wp\/v2\/tags?post=84"}],"curies":[{"name":"wp","href":"https:\/\/api.w.org\/{rel}","templated":true}]}}