{"id":15,"date":"2011-06-24T10:39:40","date_gmt":"2011-06-24T08:39:40","guid":{"rendered":"http:\/\/www.theobouzige.fr\/sfv\/?p=15"},"modified":"2011-06-24T10:39:40","modified_gmt":"2011-06-24T08:39:40","slug":"test3","status":"publish","type":"post","link":"https:\/\/www.theobouzige.fr\/sfv\/2011\/06\/24\/test3\/","title":{"rendered":"Premier d\u00e9marrage du SFV FV1 sur l&rsquo;essence avec le vibreur !"},"content":{"rendered":"<p><iframe loading=\"lazy\" title=\"YouTube video player\" class=\"youtube-player\" src=\"http:\/\/player.vimeo.com\/video\/23103140?portrait=0&amp;color=f1dd37\" width=\"1920\" height=\"1080\" frameborder=\"0\"><\/iframe><\/p>\n<p>Bonsoir \u00e0 toutes et \u00e0 tous !<\/p>\n<p style=\"text-align: justify;\">Ce soir, je vous propose la vid\u00e9o du premier d\u00e9marrage de mon SFV FV1 apr\u00e8s restauration peinture et branchement du vibreur, permettant ainsi un d\u00e9marrage sur l&rsquo;essence. Pour ceux qui trouveraient le d\u00e9but de la vid\u00e9o long et lent, je m&rsquo;en excuse mais je ne voulais pas couper la vid\u00e9o enti\u00e8rement, pour montrer aux personnes int\u00e9ress\u00e9es, que le premier d\u00e9marrage n&rsquo;est pas toujours rose et parfait. Une autre vid\u00e9o sera bient\u00f4t tourn\u00e9e pour vous montrer un d\u00e9marrage \u00e0 l&rsquo;essence <em>(propre) <\/em>et le SFV FV1 en phase finale de restauration <em>(autocollants)<\/em>.<\/p>\n","protected":false},"excerpt":{"rendered":"<p>Bonsoir \u00e0 toutes et \u00e0 tous ! Ce soir, je vous propose la vid\u00e9o du&#8230;<\/p>\n<div class=\"more-link-wrapper\"><a class=\"more-link\" href=\"https:\/\/www.theobouzige.fr\/sfv\/2011\/06\/24\/test3\/\">Read the post<span class=\"screen-reader-text\">Premier d\u00e9marrage du SFV FV1 sur l&rsquo;essence avec le vibreur !<\/span><\/a><\/div>\n","protected":false},"author":1,"featured_media":0,"comment_status":"open","ping_status":"open","sticky":false,"template":"","format":"standard","meta":{"footnotes":""},"categories":[5],"tags":[17,21,28,34,38,39],"class_list":["post-15","post","type-post","status-publish","format-standard","hentry","category-sfv-fv1","tag-demarrage","tag-essence","tag-sfv","tag-societe-francaise-vierzon-fv1","tag-tracteur-ancien","tag-vibreur","excerpt","zoom","full-without-featured","even","excerpt-0"],"_links":{"self":[{"href":"https:\/\/www.theobouzige.fr\/sfv\/wp-json\/wp\/v2\/posts\/15"}],"collection":[{"href":"https:\/\/www.theobouzige.fr\/sfv\/wp-json\/wp\/v2\/posts"}],"about":[{"href":"https:\/\/www.theobouzige.fr\/sfv\/wp-json\/wp\/v2\/types\/post"}],"author":[{"embeddable":true,"href":"https:\/\/www.theobouzige.fr\/sfv\/wp-json\/wp\/v2\/users\/1"}],"replies":[{"embeddable":true,"href":"https:\/\/www.theobouzige.fr\/sfv\/wp-json\/wp\/v2\/comments?post=15"}],"version-history":[{"count":0,"href":"https:\/\/www.theobouzige.fr\/sfv\/wp-json\/wp\/v2\/posts\/15\/revisions"}],"wp:attachment":[{"href":"https:\/\/www.theobouzige.fr\/sfv\/wp-json\/wp\/v2\/media?parent=15"}],"wp:term":[{"taxonomy":"category","embeddable":true,"href":"https:\/\/www.theobouzige.fr\/sfv\/wp-json\/wp\/v2\/categories?post=15"},{"taxonomy":"post_tag","embeddable":true,"href":"https:\/\/www.theobouzige.fr\/sfv\/wp-json\/wp\/v2\/tags?post=15"}],"curies":[{"name":"wp","href":"https:\/\/api.w.org\/{rel}","templated":true}]}}